{"id":122,"date":"2018-08-09T10:51:58","date_gmt":"2018-08-09T13:51:58","guid":{"rendered":"http:\/\/www.mryasociados.com.ar\/?p=122"},"modified":"2018-08-10T10:59:48","modified_gmt":"2018-08-10T13:59:48","slug":"comunicacion-de-la-facpce-sobre-la-aplicacion-del-ajuste-por-inflacion-en-los-estados-contables","status":"publish","type":"post","link":"https:\/\/www.mryasociados.com.ar\/en\/comunicacion-de-la-facpce-sobre-la-aplicacion-del-ajuste-por-inflacion-en-los-estados-contables\/","title":{"rendered":"\u201cComunicaci\u00f3n de la FACPCE sobre la aplicaci\u00f3n del ajuste por inflaci\u00f3n en los Estados Contables\u201d"},"content":{"rendered":"<h1 class=\"entry-title\">Ajuste Por Inflaci\u00f3n. Ser\u00e1 aplicable para\u00a0 Estados Contables Que Cierren A Partir del 1 de Julio.<\/h1>\n<p>La Federaci\u00f3n Argentina de Consejos Profesionales en Ciencias Econ\u00f3micas (FACPCE) envi\u00f3 un comunicado a los Consejos de todo el pa\u00eds mediante el cual concluye que debe iniciarse la aplicaci\u00f3n del ajuste por inflaci\u00f3n para los per\u00edodos contables que finalicen a partir del 1 de julio de 2018.<\/p>\n<p>Los estados contables con cierre de ejercicio hasta el 30 de junio del corriente no deben ser corregidos para reflejar el efecto del cambio en el poder adquisitivo de la moneda, sin embargo, los entes deber\u00e1n describir la situaci\u00f3n de que se conoce que en el pr\u00f3ximo ejercicio se deber\u00e1 llevar a cabo el ajuste.<\/p>\n<p>En cuanto a la obligatoriedad del ajuste por inflaci\u00f3n, la FACPCE informa que ser\u00e1 optativo para los estados contables cuyos cierres operen entre el 1 de julio y el 30 de septiembre de 2018, pero en caso que opten por no practicarlo deber\u00e1n:<\/p>\n<p>a) Revelar en informaci\u00f3n complementaria:<\/p>\n<ul>\n<li>la decisi\u00f3n y el hecho de que el ajuste por inflaci\u00f3n ser\u00e1 realizado en el siguiente cierre de per\u00edodo o ejercicio en forma retroactiva,<\/li>\n<li>las cifras ajustadas por inflaci\u00f3n en forma sint\u00e9tica.<\/li>\n<\/ul>\n<p>b) Realizar el ajuste por inflaci\u00f3n al cierre del siguiente per\u00edodo o ejercicio con efecto retroactivo, es decir, modificando la informaci\u00f3n comparativa, pero sin alterarse las decisiones tomadas sobre la base de la informaci\u00f3n contable correspondiente del ejercicio anterior.<\/p>\n<p>&nbsp;<\/p>\n","protected":false},"excerpt":{"rendered":"<p>Ajuste Por Inflaci\u00f3n. Ser\u00e1 aplicable para\u00a0 Estados Contables Que Cierren   &#8230;<\/p>\n","protected":false},"author":2,"featured_media":137,"comment_status":"closed","ping_status":"closed","sticky":false,"template":"","format":"standard","meta":{"_acf_changed":false,"footnotes":""},"categories":[1],"tags":[],"class_list":["post-122","post","type-post","status-publish","format-standard","has-post-thumbnail","hentry","category-noticias-interes"],"acf":[],"_links":{"self":[{"href":"https:\/\/www.mryasociados.com.ar\/en\/wp-json\/wp\/v2\/posts\/122","targetHints":{"allow":["GET"]}}],"collection":[{"href":"https:\/\/www.mryasociados.com.ar\/en\/wp-json\/wp\/v2\/posts"}],"about":[{"href":"https:\/\/www.mryasociados.com.ar\/en\/wp-json\/wp\/v2\/types\/post"}],"author":[{"embeddable":true,"href":"https:\/\/www.mryasociados.com.ar\/en\/wp-json\/wp\/v2\/users\/2"}],"replies":[{"embeddable":true,"href":"https:\/\/www.mryasociados.com.ar\/en\/wp-json\/wp\/v2\/comments?post=122"}],"version-history":[{"count":3,"href":"https:\/\/www.mryasociados.com.ar\/en\/wp-json\/wp\/v2\/posts\/122\/revisions"}],"predecessor-version":[{"id":138,"href":"https:\/\/www.mryasociados.com.ar\/en\/wp-json\/wp\/v2\/posts\/122\/revisions\/138"}],"wp:featuredmedia":[{"embeddable":true,"href":"https:\/\/www.mryasociados.com.ar\/en\/wp-json\/wp\/v2\/media\/137"}],"wp:attachment":[{"href":"https:\/\/www.mryasociados.com.ar\/en\/wp-json\/wp\/v2\/media?parent=122"}],"wp:term":[{"taxonomy":"category","embeddable":true,"href":"https:\/\/www.mryasociados.com.ar\/en\/wp-json\/wp\/v2\/categories?post=122"},{"taxonomy":"post_tag","embeddable":true,"href":"https:\/\/www.mryasociados.com.ar\/en\/wp-json\/wp\/v2\/tags?post=122"}],"curies":[{"name":"wp","href":"https:\/\/api.w.org\/{rel}","templated":true}]}}