{"id":194,"date":"2019-03-12T11:49:14","date_gmt":"2019-03-12T14:49:14","guid":{"rendered":"http:\/\/www.mryasociados.com.ar\/?p=194"},"modified":"2026-09-03T16:08:28","modified_gmt":"2026-09-03T19:08:28","slug":"modulo-capacidad-economico-financiera-cef-sistema-registral-afip","status":"publish","type":"post","link":"https:\/\/www.mryasociados.com.ar\/en\/modulo-capacidad-economico-financiera-cef-sistema-registral-afip\/","title":{"rendered":"M\u00d3DULO \u201cCAPACIDAD ECON\u00d3MICO FINANCIERA\u201d (CEF).Sistema Registral AFIP"},"content":{"rendered":"<p>La AFIP puso operativo el m\u00f3dulo \u201cCapacidad Econ\u00f3mico Financiera\u201d (CEF) dentro del Sistema Registral, en la opci\u00f3n \u201cTr\u00e1mites\u201d.<\/p>\n<p>A trav\u00e9s del mismo se podr\u00e1 conocer la capacidad econ\u00f3mico financiera del contribuyente, seg\u00fan la valoraci\u00f3n realizada por la AFIP, y se podr\u00e1 accionar mediante la solicitud de reconsideraci\u00f3n o disconformidad.<\/p>\n<p>Se recuerda que, a trav\u00e9s de la resoluci\u00f3n general (AFIP) 4294, se aprob\u00f3 el Sistema de Capacidad Econ\u00f3mico Financiera (Sistema CEF) como instrumento para la gesti\u00f3n de riesgos en materia de administraci\u00f3n tributaria, impositiva, aduanera y de los recursos de la seguridad social, con el objeto de detectar simulaciones de situaciones fiscales o patrimoniales distintas de las reales, bas\u00e1ndose en los datos brindados por el propio contribuyente y\/o por terceros con relaci\u00f3n a su condici\u00f3n y actividad econ\u00f3mica, patrimonial y financiera, calculando mensualmente una valoraci\u00f3n de la capacidad econ\u00f3mico financiera de cada contribuyente, como par\u00e1metro representativo de la capacidad para realizar ciertos actos econ\u00f3micos.<\/p>\n<p>&nbsp;<\/p>\n<p>El contribuyente podr\u00e1 solicitar su reproceso a trav\u00e9s del servicio Sistema Registral, opci\u00f3n \u201cSolicitud de Reproceso\u201d, y la AFIP realizar\u00e1 un nuevo proceso con la informaci\u00f3n actualizada presentada por el mismo dentro de los 5 d\u00edas corridos, lo que ser\u00e1 comunicado al domicilio fiscal electr\u00f3nico que se encuentre registrado. Tambi\u00e9n se podr\u00e1 manifestar la disconformidad a trav\u00e9s de la opci\u00f3n \u201cSolicitud de Disconformidad\u201d, con la posterior presentaci\u00f3n de una multinota en la dependencia correspondiente, acompa\u00f1ada de los elementos que avalen el reclamo efectuado por sistema, justifiquen el incremento de su capacidad econ\u00f3mica financiera y acrediten el origen de los elementos que configuran dicha suba.<\/p>\n","protected":false},"excerpt":{"rendered":"<p>La AFIP puso operativo el m\u00f3dulo \u201cCapacidad Econ\u00f3mico Financiera\u201d (CEF)   &#8230;<\/p>\n","protected":false},"author":2,"featured_media":158,"comment_status":"closed","ping_status":"closed","sticky":false,"template":"","format":"standard","meta":{"_acf_changed":false,"footnotes":""},"categories":[1],"tags":[],"class_list":["post-194","post","type-post","status-publish","format-standard","has-post-thumbnail","hentry","category-noticias-interes"],"acf":[],"_links":{"self":[{"href":"https:\/\/www.mryasociados.com.ar\/en\/wp-json\/wp\/v2\/posts\/194","targetHints":{"allow":["GET"]}}],"collection":[{"href":"https:\/\/www.mryasociados.com.ar\/en\/wp-json\/wp\/v2\/posts"}],"about":[{"href":"https:\/\/www.mryasociados.com.ar\/en\/wp-json\/wp\/v2\/types\/post"}],"author":[{"embeddable":true,"href":"https:\/\/www.mryasociados.com.ar\/en\/wp-json\/wp\/v2\/users\/2"}],"replies":[{"embeddable":true,"href":"https:\/\/www.mryasociados.com.ar\/en\/wp-json\/wp\/v2\/comments?post=194"}],"version-history":[{"count":1,"href":"https:\/\/www.mryasociados.com.ar\/en\/wp-json\/wp\/v2\/posts\/194\/revisions"}],"predecessor-version":[{"id":195,"href":"https:\/\/www.mryasociados.com.ar\/en\/wp-json\/wp\/v2\/posts\/194\/revisions\/195"}],"wp:featuredmedia":[{"embeddable":true,"href":"https:\/\/www.mryasociados.com.ar\/en\/wp-json\/wp\/v2\/media\/158"}],"wp:attachment":[{"href":"https:\/\/www.mryasociados.com.ar\/en\/wp-json\/wp\/v2\/media?parent=194"}],"wp:term":[{"taxonomy":"category","embeddable":true,"href":"https:\/\/www.mryasociados.com.ar\/en\/wp-json\/wp\/v2\/categories?post=194"},{"taxonomy":"post_tag","embeddable":true,"href":"https:\/\/www.mryasociados.com.ar\/en\/wp-json\/wp\/v2\/tags?post=194"}],"curies":[{"name":"wp","href":"https:\/\/api.w.org\/{rel}","templated":true}]}}