{"id":248,"date":"2020-11-16T09:21:10","date_gmt":"2020-11-16T12:21:10","guid":{"rendered":"http:\/\/www.mryasociados.com.ar\/?p=248"},"modified":"2026-09-03T16:08:28","modified_gmt":"2026-09-03T19:08:28","slug":"programa-repro-ii-asistencia-a-empresas-en-el-pago-de-sueldos","status":"publish","type":"post","link":"https:\/\/www.mryasociados.com.ar\/en\/programa-repro-ii-asistencia-a-empresas-en-el-pago-de-sueldos\/","title":{"rendered":"Programa REPRO II. Asistencia a empresas en el pago de sueldos."},"content":{"rendered":"<p><strong>Programa REPRO II<\/strong><\/p>\n<p><strong>\u00a0<\/strong><strong><em>\u00bfQu\u00e9 es el \u201cPrograma REPRO II\u201d?<\/em><\/strong><\/p>\n<p>Consiste en el otorgamiento de una suma dineraria fija e individual que se abona a los trabajadores a cuenta del pago de las remuneraciones<\/p>\n<p><strong><em>\u00a0<\/em><\/strong><strong><em>\u00bfCu\u00e1l es el importe del monto otorgado?<\/em><\/strong><\/p>\n<p>Se abonar\u00e1 $ 9.000 por cada trabajador de los empleadores alcanzados por el programa<\/p>\n<p><strong><em>\u00bfPor cu\u00e1nto tiempo se otorgar\u00e1 el beneficio?<\/em><\/strong><\/p>\n<p>Se extiende por 2 meses, con posibilidad de reinscribirse durante el \u00faltimo mes de vigencia<\/p>\n<p><strong><em>\u00bfQu\u00e9 documentaci\u00f3n se debe presentar para acceder al programa?<\/em><\/strong><\/p>\n<p>Se debe presentar:<\/p>\n<p>Balance certificado de ejercicio fiscal 2019<\/p>\n<p>Planilla electr\u00f3nica pre formateada donde se deber\u00e1n suministrar ciertos datos patrimoniales y financieros con certificaci\u00f3n de Contador P\u00fablico<\/p>\n<p><strong><em>\u00bfTodos los empleadores est\u00e1n incluidos? <\/em><\/strong><\/p>\n<p>No, s\u00f3lo es para actividades no cr\u00edticas incluidas en ATP que demuestren reducci\u00f3n en ventas en el mes de referencia.<\/p>\n<p>Adem\u00e1s habr\u00e1 una evaluaci\u00f3n de indicadores\u00a0 econ\u00f3micos financieros y laborales para la selecci\u00f3n de los beneficiarios, a cargo de un comit\u00e9 especial<\/p>\n<p><strong><em>\u00bfD\u00f3nde se efect\u00faa la solicitud de adhesi\u00f3n?<\/em><\/strong><\/p>\n<p>Se debe acceder al servicio ATP disponible en la p\u00e1gina web AFIP<\/p>\n<p><strong><em>\u00bfCu\u00e1ndo se debe inscribir?<\/em><\/strong><\/p>\n<p>La inscripci\u00f3n tendr\u00e1 una periodicidad mensual en el lapso de tiempo que se determine<\/p>\n<p><strong><em>\u00bfHay incompatibilidades?<\/em><\/strong><\/p>\n<p>Si, las empresas que soliciten ATP o cr\u00e9ditos para pagos de salarios no podr\u00e1n acceder a este programa.<\/p>\n<p><strong><em>\u00bfD\u00f3nde se recibe el monto por cada empleado?<\/em><\/strong><\/p>\n<p>Al igual que en el ATP , el monto ser\u00e1 depositado en la CBU de cada empelado declarada<\/p>\n<p><strong><em>\u00bfQu\u00e9 restricciones implica acceder al programa?<\/em><\/strong><\/p>\n<p>No se podr\u00e1 efectuar desvinculaciones sin justa causa o fuerza mayos, tampoco se podr\u00e1 suspender trabajadores, excepto lo dispuesto por el art. 223 bis<\/p>\n<p><strong><em>\u00bfA partir de cu\u00e1ndo se puede acceder?<\/em><\/strong><\/p>\n<p>Todav\u00eda no hay fechas concretas para presentar las solicitudes<\/p>\n<p>&nbsp;<\/p>\n","protected":false},"excerpt":{"rendered":"<p>Programa REPRO II \u00a0\u00bfQu\u00e9 es el \u201cPrograma REPRO II\u201d? Consiste   &#8230;<\/p>\n","protected":false},"author":2,"featured_media":249,"comment_status":"closed","ping_status":"closed","sticky":false,"template":"","format":"standard","meta":{"_acf_changed":false,"footnotes":""},"categories":[1],"tags":[],"class_list":["post-248","post","type-post","status-publish","format-standard","has-post-thumbnail","hentry","category-noticias-interes"],"acf":[],"_links":{"self":[{"href":"https:\/\/www.mryasociados.com.ar\/en\/wp-json\/wp\/v2\/posts\/248","targetHints":{"allow":["GET"]}}],"collection":[{"href":"https:\/\/www.mryasociados.com.ar\/en\/wp-json\/wp\/v2\/posts"}],"about":[{"href":"https:\/\/www.mryasociados.com.ar\/en\/wp-json\/wp\/v2\/types\/post"}],"author":[{"embeddable":true,"href":"https:\/\/www.mryasociados.com.ar\/en\/wp-json\/wp\/v2\/users\/2"}],"replies":[{"embeddable":true,"href":"https:\/\/www.mryasociados.com.ar\/en\/wp-json\/wp\/v2\/comments?post=248"}],"version-history":[{"count":1,"href":"https:\/\/www.mryasociados.com.ar\/en\/wp-json\/wp\/v2\/posts\/248\/revisions"}],"predecessor-version":[{"id":250,"href":"https:\/\/www.mryasociados.com.ar\/en\/wp-json\/wp\/v2\/posts\/248\/revisions\/250"}],"wp:featuredmedia":[{"embeddable":true,"href":"https:\/\/www.mryasociados.com.ar\/en\/wp-json\/wp\/v2\/media\/249"}],"wp:attachment":[{"href":"https:\/\/www.mryasociados.com.ar\/en\/wp-json\/wp\/v2\/media?parent=248"}],"wp:term":[{"taxonomy":"category","embeddable":true,"href":"https:\/\/www.mryasociados.com.ar\/en\/wp-json\/wp\/v2\/categories?post=248"},{"taxonomy":"post_tag","embeddable":true,"href":"https:\/\/www.mryasociados.com.ar\/en\/wp-json\/wp\/v2\/tags?post=248"}],"curies":[{"name":"wp","href":"https:\/\/api.w.org\/{rel}","templated":true}]}}