{"id":259,"date":"2020-12-14T13:13:46","date_gmt":"2020-12-14T16:13:46","guid":{"rendered":"http:\/\/www.mryasociados.com.ar\/?p=259"},"modified":"2026-09-03T16:08:28","modified_gmt":"2026-09-03T19:08:28","slug":"impuestos-provinciales-consenso-fiscal-2020","status":"publish","type":"post","link":"https:\/\/www.mryasociados.com.ar\/en\/impuestos-provinciales-consenso-fiscal-2020\/","title":{"rendered":"Impuestos Provinciales -Consenso Fiscal 2020"},"content":{"rendered":"<p style=\"text-align: justify;\">Entre los gobernadores de las Provincias se ha firmado el Consenso Fiscal 2020 que tiene impacto directo en la aplicaci\u00f3n de impuestos provinciales.<\/p>\n<p style=\"text-align: justify;\">Los compromisos tributarios m\u00e1s importantes los exponemos a continuaci\u00f3n:<\/p>\n<p style=\"text-align: justify;\">* Se prorrogan hasta el 31 de diciembre de 2021 la suspensi\u00f3n de los compromisos asumidos en los incisos b), c), d), h), j), k), l), m) y s) de la Cl\u00e1usula III del Consenso Fiscal 2017 de fecha 16 de noviembre de 2017.<\/p>\n<p style=\"text-align: justify;\">Es decir que, al igual que se hizo a principios del a\u00f1o 2020, se posponen las rebajas tributarias establecidas en dichos incisos y durante 2021 contin\u00faa la misma aplicaci\u00f3n de al\u00edcuotas de ingresos brutos, impuesto de sellos, etc\u00a0 que tuvieron vigencia durante 2021.<\/p>\n<p style=\"text-align: justify;\">*Adecuar el funcionamiento de los reg\u00edmenes de retenci\u00f3n, percepci\u00f3n y recaudaci\u00f3n del impuesto sobre los ingresos brutos \u2013 Convenio Multilateral, de manera de respetar el l\u00edmite territorial de la potestad tributaria de las jurisdicciones y evitar la generaci\u00f3n de saldos inadecuados o permanentes a favor del contribuyente.<\/p>\n<p style=\"text-align: justify;\">*Aplicar mecanismos de devoluci\u00f3n autom\u00e1tica, compensaci\u00f3n o transferencia de cr\u00e9dito del impuesto sobre los ingresos brutos, a aquellos contribuyentes que tengan saldos a favor del impuesto sobre los ingresos brutos generados por retenciones, percepciones y\/o recaudaciones.<\/p>\n","protected":false},"excerpt":{"rendered":"<p>Entre los gobernadores de las Provincias se ha firmado el   &#8230;<\/p>\n","protected":false},"author":2,"featured_media":260,"comment_status":"closed","ping_status":"closed","sticky":false,"template":"","format":"standard","meta":{"_acf_changed":false,"footnotes":""},"categories":[1],"tags":[],"class_list":["post-259","post","type-post","status-publish","format-standard","has-post-thumbnail","hentry","category-noticias-interes"],"acf":[],"_links":{"self":[{"href":"https:\/\/www.mryasociados.com.ar\/en\/wp-json\/wp\/v2\/posts\/259","targetHints":{"allow":["GET"]}}],"collection":[{"href":"https:\/\/www.mryasociados.com.ar\/en\/wp-json\/wp\/v2\/posts"}],"about":[{"href":"https:\/\/www.mryasociados.com.ar\/en\/wp-json\/wp\/v2\/types\/post"}],"author":[{"embeddable":true,"href":"https:\/\/www.mryasociados.com.ar\/en\/wp-json\/wp\/v2\/users\/2"}],"replies":[{"embeddable":true,"href":"https:\/\/www.mryasociados.com.ar\/en\/wp-json\/wp\/v2\/comments?post=259"}],"version-history":[{"count":1,"href":"https:\/\/www.mryasociados.com.ar\/en\/wp-json\/wp\/v2\/posts\/259\/revisions"}],"predecessor-version":[{"id":261,"href":"https:\/\/www.mryasociados.com.ar\/en\/wp-json\/wp\/v2\/posts\/259\/revisions\/261"}],"wp:featuredmedia":[{"embeddable":true,"href":"https:\/\/www.mryasociados.com.ar\/en\/wp-json\/wp\/v2\/media\/260"}],"wp:attachment":[{"href":"https:\/\/www.mryasociados.com.ar\/en\/wp-json\/wp\/v2\/media?parent=259"}],"wp:term":[{"taxonomy":"category","embeddable":true,"href":"https:\/\/www.mryasociados.com.ar\/en\/wp-json\/wp\/v2\/categories?post=259"},{"taxonomy":"post_tag","embeddable":true,"href":"https:\/\/www.mryasociados.com.ar\/en\/wp-json\/wp\/v2\/tags?post=259"}],"curies":[{"name":"wp","href":"https:\/\/api.w.org\/{rel}","templated":true}]}}