{"id":274,"date":"2021-01-21T18:31:49","date_gmt":"2021-01-21T21:31:49","guid":{"rendered":"http:\/\/www.mryasociados.com.ar\/?p=274"},"modified":"2026-09-03T16:08:28","modified_gmt":"2026-09-03T19:08:28","slug":"repro-ii-version-enero-2021-perdida-de-vigencia-de-atp","status":"publish","type":"post","link":"https:\/\/www.mryasociados.com.ar\/en\/repro-ii-version-enero-2021-perdida-de-vigencia-de-atp\/","title":{"rendered":"REPRO II. Versi\u00f3n Enero 2021. P\u00e9rdida de vigencia de ATP."},"content":{"rendered":"<p>*A trav\u00e9s de la resoluci\u00f3n 16\/2021 se extiende la posibilidad de hacer uso del REPRO a las actividades cr\u00edticas (antes alcanzadas por beneficio ATP que perdi\u00f3 vigencia, al igual que perdi\u00f3 vigencia la posibilidad de acceso a cr\u00e9ditos con tasas subsidiadas)<\/p>\n<p>* La inscripci\u00f3n se incia el 21\/01\/2021 y se extiende hasta el 28\/01\/2021. Todo se realiza por p\u00e1gina web de AFIP<\/p>\n<p>* La suma a otorgar ser\u00e1 de $ 9.000 por empleado<\/p>\n<p>* Tambi\u00e9n perdi\u00f3 vigencia la postergaci\u00f3n de pago de Contribuciones SIPA<\/p>\n<p>* El beneficio alcanza a actividades cr\u00edticas, no cr\u00edticas y sector salud (s\/ res. 19\/2021).<\/p>\n<p>* Alcanza a los empleados de temporada que cumplan las condiciones (s\/ res. 19\/2021).<\/p>\n<p>* Se analizan una serie de indicadores financieros a fin de determinar si la empresa accede o no al REPRO II: Variac. interanual de fact; Variac. % interanual IVA compras; Endeudamiento; Liquidez corriente; Variac. consumo electricidad y gas; Variac. % interanual relacion costo laboral vs. facturaci\u00f3n; Variac. interanual importaciones<\/p>\n<p>*Requisitos para presentaci\u00f3n: Nomina del personal, CBU de cada trabajador debe estar denunciada; balance del ejercicio 2019 certificado por CPCE; planilla con situaci\u00f3n patrimonial.<\/p>\n<p>* La periodicidad de inscripci\u00f3n pasa de ser cada dos meses a ser mensual. Los inscriptos en diciembre 2020 renuevan en febrero 2021 al igual que los incrptos en enero 2021<\/p>\n","protected":false},"excerpt":{"rendered":"<p>*A trav\u00e9s de la resoluci\u00f3n 16\/2021 se extiende la posibilidad   &#8230;<\/p>\n","protected":false},"author":2,"featured_media":275,"comment_status":"closed","ping_status":"closed","sticky":false,"template":"","format":"standard","meta":{"_acf_changed":false,"footnotes":""},"categories":[1],"tags":[],"class_list":["post-274","post","type-post","status-publish","format-standard","has-post-thumbnail","hentry","category-noticias-interes"],"acf":[],"_links":{"self":[{"href":"https:\/\/www.mryasociados.com.ar\/en\/wp-json\/wp\/v2\/posts\/274","targetHints":{"allow":["GET"]}}],"collection":[{"href":"https:\/\/www.mryasociados.com.ar\/en\/wp-json\/wp\/v2\/posts"}],"about":[{"href":"https:\/\/www.mryasociados.com.ar\/en\/wp-json\/wp\/v2\/types\/post"}],"author":[{"embeddable":true,"href":"https:\/\/www.mryasociados.com.ar\/en\/wp-json\/wp\/v2\/users\/2"}],"replies":[{"embeddable":true,"href":"https:\/\/www.mryasociados.com.ar\/en\/wp-json\/wp\/v2\/comments?post=274"}],"version-history":[{"count":1,"href":"https:\/\/www.mryasociados.com.ar\/en\/wp-json\/wp\/v2\/posts\/274\/revisions"}],"predecessor-version":[{"id":276,"href":"https:\/\/www.mryasociados.com.ar\/en\/wp-json\/wp\/v2\/posts\/274\/revisions\/276"}],"wp:featuredmedia":[{"embeddable":true,"href":"https:\/\/www.mryasociados.com.ar\/en\/wp-json\/wp\/v2\/media\/275"}],"wp:attachment":[{"href":"https:\/\/www.mryasociados.com.ar\/en\/wp-json\/wp\/v2\/media?parent=274"}],"wp:term":[{"taxonomy":"category","embeddable":true,"href":"https:\/\/www.mryasociados.com.ar\/en\/wp-json\/wp\/v2\/categories?post=274"},{"taxonomy":"post_tag","embeddable":true,"href":"https:\/\/www.mryasociados.com.ar\/en\/wp-json\/wp\/v2\/tags?post=274"}],"curies":[{"name":"wp","href":"https:\/\/api.w.org\/{rel}","templated":true}]}}