{"id":278,"date":"2021-02-08T16:53:50","date_gmt":"2021-02-08T19:53:50","guid":{"rendered":"http:\/\/www.mryasociados.com.ar\/?p=278"},"modified":"2021-02-08T16:53:50","modified_gmt":"2021-02-08T19:53:50","slug":"newsletter-febrero-2021","status":"publish","type":"post","link":"https:\/\/www.mryasociados.com.ar\/en\/newsletter-febrero-2021\/","title":{"rendered":"Newsletter Febrero 2021"},"content":{"rendered":"<p><strong><em>Novedades Impositivas \u2013 Febrero 2021<\/em><\/strong><\/p>\n<p><strong><em>\u00a0<\/em><\/strong><strong><em>Se suspende la traba de medidas cautelares para las micro, peque\u00f1as y medianas empresas y la iniciaci\u00f3n de juicios de ejecuci\u00f3n fiscal <\/em><\/strong><\/p>\n<p>La AFIP suspende hasta el 28\/2\/2021 la iniciaci\u00f3n de juicios de ejecuci\u00f3n fiscal.<br \/>\nAsimismo, suspende hasta la misma fecha la traba de medidas cautelares para los sujetos que se encuentren inscriptos en el \u201cRegistro de Empresas MiPyMES\u201d.<\/p>\n<p><strong><em>Monotributo. Suspensi\u00f3n de exclusiones y bajas por falta de pago.<\/em><\/strong><\/p>\n<p>Se prorroga nuevamente la suspensi\u00f3n hasta el 1\/4\/2021 de las exclusiones de pleno derecho de los monotributistas no realizando hasta dicha fecha los controles sist\u00e9micos que se realizan habitualmente a tal fin.<\/p>\n<p>Asimismo se suspenden transitoriamente las bajas por falta de pago, no comput\u00e1ndose los meses de marzo, abril, mayo, junio, julio, agosto, setiembre, octubre, noviembre y diciembre para la aplicaci\u00f3n de las bajas autom\u00e1ticas del r\u00e9gimen.<\/p>\n<p><strong><em>Monotributo. Incorporaci\u00f3n de Salta al sistema \u00fanico tributario<\/em><\/strong><\/p>\n<p>Se incorpora en el \u201cSistema \u00danico Tributario\u201d a aquellos sujetos con domicilio fiscal en la jurisdicci\u00f3n de la Provincia de Salta, adheridos al Monotributo \u00a0y a su vez alcanzados por el R\u00e9gimen Simplificado del Impuesto a las Actividades Econ\u00f3micas, a fin de simplificar la recaudaci\u00f3n conjunta de los tributos correspondientes a ambos reg\u00edmenes.<\/p>\n<p>Asimismo, en caso de celebrarse Acuerdos de colaboraci\u00f3n entre los municipios y la Provincia de Salta, dicha recaudaci\u00f3n conjunta tambi\u00e9n abarcar\u00e1 las contribuciones municipales que incidan sobre los sujetos del R\u00e9gimen Simplificado del Impuesto a las Actividades Econ\u00f3micas. Por \u00faltimo, se establecen los requisitos, condiciones y formalidades que deber\u00e1n cumplir los sujetos comprendidos.<\/p>\n<p><strong><em>Decreto 39\/2021. Pr\u00f3rroga de la doble indemnizaci\u00f3n por despido sin causa por 90 d\u00edas y la prohibici\u00f3n de despidos hasta el 31\/12\/2021<\/em><\/strong><\/p>\n<p>Por medio del Dec. (Poder Ejecutivo) 39\/2021, publicado en el Bolet\u00edn Oficial del d\u00eda s\u00e1bado 23\/1\/2021, se prorroga la prohibici\u00f3n de efectuar despidos sin justa causa y por las causales de falta o disminuci\u00f3n de trabajo y fuerza mayor por el plazo de 90 d\u00edas.<\/p>\n<p>Asimismo, se extiende la doble indemnizaci\u00f3n hasta el 31\/12\/2021, y a los efectos de establecer el c\u00e1lculo de la indemnizaci\u00f3n definitiva, el monto correspondiente a la duplicaci\u00f3n no podr\u00e1 exceder, en ning\u00fan caso, la suma de $ 500.000.<\/p>\n<p>Adem\u00e1s, se ratifica que el coronavirus ser\u00e1 considerado como enfermedad profesional.<\/p>\n<p><strong><em>Identificaci\u00f3n del consumidor final<\/em><\/strong><\/p>\n<p>La AFIP actualiza los importes de las operaciones para que los contribuyentes se encuentren obligados a identificar los datos del consumidor final en las operaciones de venta:<\/p>\n<p>En tal sentido deben identificar al adquirente los contribuyentes que efect\u00faan ventas minoristas cuando el importe de la operaci\u00f3n sea igual o superior a $ 20.932; o cuando la operaci\u00f3n sea por un importe superior a $10.466 y no se cancele con medios electr\u00f3nicos de pago autorizados.<\/p>\n<p>Tambi\u00e9n deben identificar al consumidor final los sujetos cuya actividad principal sea &#8220;comercializaci\u00f3n mayorista&#8221;, salvo que la operaci\u00f3n se realice por un importe inferior a $10.466 y sea cancelada por medios electr\u00f3nicos.<\/p>\n<p>La citada modificaci\u00f3n obedece a la actualizaci\u00f3n semestral en base al IPC del periodo julio-diciembre 2020<\/p>\n","protected":false},"excerpt":{"rendered":"<p>Novedades Impositivas \u2013 Febrero 2021 \u00a0Se suspende la traba de   &#8230;<\/p>\n","protected":false},"author":2,"featured_media":159,"comment_status":"closed","ping_status":"closed","sticky":false,"template":"","format":"standard","meta":{"_acf_changed":false,"footnotes":""},"categories":[2],"tags":[],"class_list":["post-278","post","type-post","status-publish","format-standard","has-post-thumbnail","hentry","category-newsletter"],"acf":[],"_links":{"self":[{"href":"https:\/\/www.mryasociados.com.ar\/en\/wp-json\/wp\/v2\/posts\/278","targetHints":{"allow":["GET"]}}],"collection":[{"href":"https:\/\/www.mryasociados.com.ar\/en\/wp-json\/wp\/v2\/posts"}],"about":[{"href":"https:\/\/www.mryasociados.com.ar\/en\/wp-json\/wp\/v2\/types\/post"}],"author":[{"embeddable":true,"href":"https:\/\/www.mryasociados.com.ar\/en\/wp-json\/wp\/v2\/users\/2"}],"replies":[{"embeddable":true,"href":"https:\/\/www.mryasociados.com.ar\/en\/wp-json\/wp\/v2\/comments?post=278"}],"version-history":[{"count":1,"href":"https:\/\/www.mryasociados.com.ar\/en\/wp-json\/wp\/v2\/posts\/278\/revisions"}],"predecessor-version":[{"id":279,"href":"https:\/\/www.mryasociados.com.ar\/en\/wp-json\/wp\/v2\/posts\/278\/revisions\/279"}],"wp:featuredmedia":[{"embeddable":true,"href":"https:\/\/www.mryasociados.com.ar\/en\/wp-json\/wp\/v2\/media\/159"}],"wp:attachment":[{"href":"https:\/\/www.mryasociados.com.ar\/en\/wp-json\/wp\/v2\/media?parent=278"}],"wp:term":[{"taxonomy":"category","embeddable":true,"href":"https:\/\/www.mryasociados.com.ar\/en\/wp-json\/wp\/v2\/categories?post=278"},{"taxonomy":"post_tag","embeddable":true,"href":"https:\/\/www.mryasociados.com.ar\/en\/wp-json\/wp\/v2\/tags?post=278"}],"curies":[{"name":"wp","href":"https:\/\/api.w.org\/{rel}","templated":true}]}}