{"id":309,"date":"2021-05-13T13:15:07","date_gmt":"2021-05-13T16:15:07","guid":{"rendered":"http:\/\/www.mryasociados.com.ar\/?p=309"},"modified":"2026-09-03T16:08:28","modified_gmt":"2026-09-03T19:08:28","slug":"ddjj-gcias-sociedades-prorroga-para-presentacion-y-pago","status":"publish","type":"post","link":"https:\/\/www.mryasociados.com.ar\/en\/ddjj-gcias-sociedades-prorroga-para-presentacion-y-pago\/","title":{"rendered":"DDJJ Gcias Sociedades. Pr\u00f3rroga para presentaci\u00f3n y pago"},"content":{"rendered":"<p>La Administraci\u00f3n Federal de Ingresos P\u00fablicos (AFIP)\u00a0extendi\u00f3 los plazos para la presentaci\u00f3n de las declaraciones juradas y del pago del Impuesto a las Ganancias Sociedades. La pr\u00f3rroga\u00a0alcanza a las empresas que cerraron balances en diciembre de 2020.<\/p>\n<p>La normativa de la AFIP dispone que las personas jur\u00eddicas cuyos vencimientos operaban desde el 13\/05\/2021 al 17\/05\/2021 tendr\u00e1n mas tiempo para efectuar la presentaci\u00f3n de las declaraciones juradas y el pago del impuesto de acuerdo al siguiente cronograma:<\/p>\n<p><strong>\u00a0 \u00a0 \u00a0 \u00a0 \u00a0 \u00a0 \u00a0 \u00a0 \u00a0 \u00a0 \u00a0 \u00a0 \u00a0 \u00a0 \u00a0 \u00a0 \u00a0 \u00a0 \u00a0 \u00a0 \u00a0 \u00a0 \u00a0 \u00a0 \u00a0 \u00a0 \u00a0 \u00a0 \u00a0 \u00a0 \u00a0 \u00a0 \u00a0 \u00a0 \u00a0 \u00a0 \u00a0 \u00a0 \u00a0 \u00a0 \u00a0 \u00a0 \u00a0 \u00a0 \u00a0 \u00a0 \u00a0 \u00a0 \u00a0 \u00a0<\/strong><\/p>\n<table border=\"1\">\n<tbody>\n<tr>\n<td rowspan=\"2\">\u00a0Terminaci\u00f3n CUIT<\/td>\n<td colspan=\"2\">\u00a0 \u00a0 \u00a0 \u00a0 \u00a0 \u00a0 Fecha del vencimiento<\/td>\n<\/tr>\n<tr>\n<td>\u00a0Presentaci\u00f3n DDJJ e Ingreso saldo resultante<\/td>\n<td><\/td>\n<\/tr>\n<tr>\n<td>\u00a0 0, 1, 2, 3 ,4<\/td>\n<td colspan=\"2\">\u00a0 \u00a0 \u00a0 \u00a0 \u00a0 \u00a0 \u00a0 \u00a0 \u00a0 \u00a0 \u00a026\/05\/2021<\/td>\n<\/tr>\n<tr>\n<td>\u00a0 5, 6, 7, 8, 9<\/td>\n<td colspan=\"2\">\u00a0 \u00a0 \u00a0 \u00a0 \u00a0 \u00a0 \u00a0 \u00a0 \u00a0 \u00a0 \u00a027\/05\/2021<\/td>\n<\/tr>\n<\/tbody>\n<\/table>\n<p>&nbsp;<\/p>\n<p>La Resoluci\u00f3n General 4988\/2021, ser\u00e1 publicada este viernes 14\/05\/2021 en el Bolet\u00edn Oficial<\/p>\n<p>&nbsp;<\/p>\n","protected":false},"excerpt":{"rendered":"<p>La Administraci\u00f3n Federal de Ingresos P\u00fablicos (AFIP)\u00a0extendi\u00f3 los plazos para   &#8230;<\/p>\n","protected":false},"author":2,"featured_media":312,"comment_status":"closed","ping_status":"closed","sticky":false,"template":"","format":"standard","meta":{"_acf_changed":false,"footnotes":""},"categories":[1],"tags":[],"class_list":["post-309","post","type-post","status-publish","format-standard","has-post-thumbnail","hentry","category-noticias-interes"],"acf":[],"_links":{"self":[{"href":"https:\/\/www.mryasociados.com.ar\/en\/wp-json\/wp\/v2\/posts\/309","targetHints":{"allow":["GET"]}}],"collection":[{"href":"https:\/\/www.mryasociados.com.ar\/en\/wp-json\/wp\/v2\/posts"}],"about":[{"href":"https:\/\/www.mryasociados.com.ar\/en\/wp-json\/wp\/v2\/types\/post"}],"author":[{"embeddable":true,"href":"https:\/\/www.mryasociados.com.ar\/en\/wp-json\/wp\/v2\/users\/2"}],"replies":[{"embeddable":true,"href":"https:\/\/www.mryasociados.com.ar\/en\/wp-json\/wp\/v2\/comments?post=309"}],"version-history":[{"count":5,"href":"https:\/\/www.mryasociados.com.ar\/en\/wp-json\/wp\/v2\/posts\/309\/revisions"}],"predecessor-version":[{"id":317,"href":"https:\/\/www.mryasociados.com.ar\/en\/wp-json\/wp\/v2\/posts\/309\/revisions\/317"}],"wp:featuredmedia":[{"embeddable":true,"href":"https:\/\/www.mryasociados.com.ar\/en\/wp-json\/wp\/v2\/media\/312"}],"wp:attachment":[{"href":"https:\/\/www.mryasociados.com.ar\/en\/wp-json\/wp\/v2\/media?parent=309"}],"wp:term":[{"taxonomy":"category","embeddable":true,"href":"https:\/\/www.mryasociados.com.ar\/en\/wp-json\/wp\/v2\/categories?post=309"},{"taxonomy":"post_tag","embeddable":true,"href":"https:\/\/www.mryasociados.com.ar\/en\/wp-json\/wp\/v2\/tags?post=309"}],"curies":[{"name":"wp","href":"https:\/\/api.w.org\/{rel}","templated":true}]}}