{"id":338,"date":"2021-07-01T20:33:56","date_gmt":"2021-07-01T23:33:56","guid":{"rendered":"http:\/\/www.mryasociados.com.ar\/?p=338"},"modified":"2021-07-01T20:33:56","modified_gmt":"2021-07-01T23:33:56","slug":"newsletter-julio-2021","status":"publish","type":"post","link":"https:\/\/www.mryasociados.com.ar\/en\/newsletter-julio-2021\/","title":{"rendered":"Newsletter Julio 2021"},"content":{"rendered":"<p><strong><em>Novedades Impositivas \u2013 Julio 2021<\/em><\/strong><\/p>\n<p><strong><em>Facturaci\u00f3n a sujetos Monotributistas. Nuevas disposiciones. RG 5003 y 5022<\/em><\/strong><\/p>\n<p>A partir del 1 de julio 2021 los responsables inscriptos deber\u00e1n emitir comprobantes tipo \u201cA\u201d con \u00a0IVA discriminado a los monotributistas.<\/p>\n<p>A trav\u00e9s de la RG 5.003 (AFIP) se establece que, cuando se trate de operaciones en las cuales un responsable inscripto en el IVA le emita factura a un sujeto monotributistas, el comprobante a emitir deber\u00e1 ser tipo \u201cA\u201d, tener discriminando el IVA y adicionar la leyenda \u201cEl cr\u00e9dito fiscal discriminado en el presente comprobante, s\u00f3lo podr\u00e1 ser computado a efectos del R\u00e9gimen de Sostenimiento e Inclusi\u00f3n Fiscal para Peque\u00f1os Contribuyentes de la Ley N\u00ba 27.618\u201d.<\/p>\n<p>En el caso de utilizar los controladores no homologados, no actualizados a la fecha o de vieja \u00a0tecnolog\u00eda, cuando s\u00f3lo se permita la identificaci\u00f3n del receptor como responsable inscripto en IVA, se deber\u00e1 adicionar una leyenda \u00a0 \u201cReceptor del comprobante \u2013 Responsable Monotributo\u201d.<\/p>\n<p>Deber\u00e1 discriminarse:<\/p>\n<p>1.1. La al\u00edcuota a que est\u00e1 sujeta la operaci\u00f3n.<\/p>\n<p>1.2. El monto del impuesto resultante.<\/p>\n<p>1.3. El monto de los restantes tributos que no integren el precio neto gravado.<\/p>\n<p>1.4. El importe de la percepci\u00f3n que resulte procedente.<\/p>\n<p>De tratarse de operaciones gravadas efectuadas con sujetos exentos, no alcanzados o consumidores finales frente al impuesto al valor agregado: contin\u00faa igual, es decir, no deber\u00e1 discriminarse el impuesto que recae sobre la operaci\u00f3n.<\/p>\n<p>Las mismas disposiciones son aplicables para los comprobantes clase \u201cM\u201d.<\/p>\n<p>Posteriormente la RG 5022 establece que si el sistema de facturaci\u00f3n no est\u00e1 actualizado y, por lo tanto, no se\u00a0 puede identificar al receptor monotributista\u00a0 como tal: se deber\u00e1 emitir, del mismo modo, un comprobante \u00abA\u00bb identificando al sujeto monotributista\u00a0 como \u201cIVA RESPONSABLE INSCRIPTO\u201d incorporando al comprobante la leyenda \u201cReceptor del comprobante \u2013 Responsable Monotributo\u201d a trav\u00e9s de un sello, una oblea autoadhesiva, etc.-, al momento de su emisi\u00f3n, entrega o puesta a disposici\u00f3n. Este sello provisorio podr\u00e1 ser utilizado desde el 01\/07\/2021 hasta el 31\/12\/2021, plazo l\u00edmite para la actualizaci\u00f3n de sistemas.<\/p>\n<p><strong><em>Ley 27.630.Modificaciones Impuesto a las Ganancias<\/em><\/strong><\/p>\n<p>Se public\u00f3 en el bolet\u00edn oficial del d\u00eda 16\/6\/2021 numerado bajo la ley 27630, la modificaci\u00f3n de las al\u00edcuotas del impuesto a las ganancias aplicable a las sociedades cuyos cierres de ejercicio fiscal se inicien a partir del 1\/1\/2021.<\/p>\n<p>Estas modificaciones consisten en la aplicaci\u00f3n de al\u00edcuotas escalonadas tomando como base la ganancia neta acumulada de acuerdo al siguiente detalle:<\/p>\n<p>Hasta\u00a0$ 5.000.000\u00a0de la ganancia neta imponible acumulada: abonar\u00e1n una\u00a0al\u00edcuota del 25%;<\/p>\n<p>M\u00e1s de\u00a0$ 5.000.000\u00a0y hasta\u00a0$ 50.000.000\u00a0de la ganancia neta imponible acumulada:\u00a0abonar\u00e1n un monto fijo de $ 1.250.000 m\u00e1s una al\u00edcuota del 30% sobre el excedente\u00a0de ese monto;<\/p>\n<p>M\u00e1s de\u00a0$ 50.000.000\u00a0de la ganancia neta imponible acumulada:\u00a0abonar\u00e1n un monto fijo de $ 14.750.000 m\u00e1s una al\u00edcuota del\u00a035% sobre el excedente\u00a0de ese monto.<\/p>\n<p>Estos montos se ajustar\u00e1n anualmente a partir del 1\u00b0 de enero de 2022\u00a0tomando\u00a0como base\u00a0la variaci\u00f3n anual del \u00cdndice de Precios al Consumidor (IPC) que suministra el Instituto Nacional de Estad\u00edstica y Censos (INDEC).<\/p>\n<p>&nbsp;<\/p>\n<p><strong><em>DGR Salta Plan de facilidades de pago especial y transitorio para la regularizaci\u00f3n de obligaciones tributarias devengadas o aplicadas al 30 de abril de 2021<\/em><\/strong><\/p>\n<p>Se establece un plan de facilidades de pago especial y transitorio para la regularizaci\u00f3n de obligaciones tributarias, recargos y multas<\/p>\n<p>Se dispone que podr\u00e1n incluirse tambi\u00e9n aquellas deudas que se encuentren en curso de discusi\u00f3n administrativa o sean objeto de un procedimiento judicial, como as\u00ed tambi\u00e9n los saldos de deudas que hayan sido incorporadas en planes de facilidades de pago otorgados con anterioridad al presente -RG (DGR Salta) 16\/2018 y 17\/2018-, siendo aplicable el beneficio sobre el saldo pendiente de cancelaci\u00f3n del plan, quedando excluidos los planes vigentes que cuenten con beneficios por reg\u00edmenes especiales y transitorios de regularizaci\u00f3n de tributos provinciales.<\/p>\n<ol>\n<li>a) Plan de pagos hasta 3 cuotas con un inter\u00e9s de financiaci\u00f3n del 0 % mensual.<\/li>\n<li>b) Plan de pagos hasta 6 cuotas con un inter\u00e9s de financiaci\u00f3n del 0,5 % mensual.<\/li>\n<li>c) Plan de pagos hasta 12 cuotas con un inter\u00e9s de financiaci\u00f3n del 1 % mensual.<\/li>\n<li>d) Plan de pagos hasta 18 cuotas con un inter\u00e9s de financiaci\u00f3n del 2 % mensual.<\/li>\n<\/ol>\n<p>Por \u00faltimo, destacamos que el plazo para el acogimiento ser\u00e1 desde el 2 de junio hasta el 31 de agosto de 2021.<\/p>\n<p>&nbsp;<\/p>\n<p><strong><em>RG 5017. Nueva carta de porte electr\u00f3nica. Obligatoriedad a partir de 1\/11\/2021<\/em><\/strong><\/p>\n<p>Se establece, de forma obligatoria, la utilizaci\u00f3n de los comprobantes electr\u00f3nicos \u201cCarta de Porte para el Transporte Ferroviario de Granos\u201d y \u201cCarta de Porte para el Transporte Automotor de Granos\u201d como \u00fanicos comprobantes v\u00e1lidos para respaldar el traslado de granos no destinados a la siembra y de legumbres secas, as\u00ed como de aquellas semillas a\u00fan no identificadas como tales por la autoridad competente, a cualquier destino dentro de la Rep\u00fablica Argentina mediante el transporte automotor o ferroviario.<\/p>\n<p>Por \u00faltimo, se\u00f1alamos que las presentes disposiciones ser\u00e1n de aplicaci\u00f3n a partir del 1\/9\/2021 resultando el uso obligatorio a partir del 1\/11\/2021.<\/p>\n<p>&nbsp;<\/p>\n<p><strong><em>Pr\u00f3rrogas para presentaci\u00f3n y pago DDJJ\u00b4s Gcias y Bs Ps Personas F\u00edsicas.<\/em><\/strong><\/p>\n<p>La AFIP prorroga la presentaci\u00f3n de la declaraci\u00f3n jurada anual y el ingreso del saldo resultante de los Impuestos a las Ganancias, sobre los Bienes Personales e Impuesto Cedular.<br \/>\nLas nuevas fechas de vencimiento de presentaci\u00f3n son las siguientes:<\/p>\n<p>CUITS 0, 1, 2 y 3: 10\/8\/2021 y 11\/8\/2021 respectivamente<\/p>\n<p>CUITS 4, 5 y 6: 11\/8\/2021 y 12\/8\/2021 respectivamente<\/p>\n<p>CUITS 7, 8 y 9: 12\/8\/2021 y 13\/8\/2021 respectivamente<\/p>\n<p>El ingreso del saldo resultante se efect\u00faa, en todos los casos, el d\u00eda h\u00e1bil siguiente al de la presentaci\u00f3n.<\/p>\n<p>Por otra parte, se prorroga entre el 24 y el 26 de agosto, seg\u00fan la terminaci\u00f3n de la CUIT, el vencimiento del primer anticipo.<\/p>\n<p>Adem\u00e1s, se extiende al 31\/8\/2021 la presentaci\u00f3n de la declaraci\u00f3n jurada informativa para los empleados en relaci\u00f3n de dependencia.<\/p>\n<p>Se\u00f1alamos que la resoluci\u00f3n general que materializa dichos cambios se encuentra pendiente de publicaci\u00f3n en el Bolet\u00edn Oficial.<\/p>\n<p>&nbsp;<\/p>\n<p><strong><em>Pr\u00f3rroga de la prohibici\u00f3n de despidos y suspensiones<\/em><\/strong><\/p>\n<p>Se prorroga, hasta el 31 de diciembre de 2021 inclusive, la prohibici\u00f3n de efectuar despidos sin justa causa, y despidos y suspensiones por las causales de falta o disminuci\u00f3n de trabajo y fuerza mayor.<\/p>\n<p>&nbsp;<\/p>\n<p><strong><em>Jujuy. Servicios de tr\u00e1mites exclusivos por la web.<\/em><\/strong><\/p>\n<p>La Direcci\u00f3n Provincial de Rentas dispone que determinados servicios ser\u00e1n prestados exclusivamente de forma virtual a trav\u00e9s de su p\u00e1gina web oficial.<\/p>\n","protected":false},"excerpt":{"rendered":"<p>Novedades Impositivas \u2013 Julio 2021 Facturaci\u00f3n a sujetos Monotributistas. Nuevas   &#8230;<\/p>\n","protected":false},"author":2,"featured_media":159,"comment_status":"closed","ping_status":"closed","sticky":false,"template":"","format":"standard","meta":{"_acf_changed":false,"footnotes":""},"categories":[1],"tags":[],"class_list":["post-338","post","type-post","status-publish","format-standard","has-post-thumbnail","hentry","category-noticias-interes"],"acf":[],"_links":{"self":[{"href":"https:\/\/www.mryasociados.com.ar\/en\/wp-json\/wp\/v2\/posts\/338","targetHints":{"allow":["GET"]}}],"collection":[{"href":"https:\/\/www.mryasociados.com.ar\/en\/wp-json\/wp\/v2\/posts"}],"about":[{"href":"https:\/\/www.mryasociados.com.ar\/en\/wp-json\/wp\/v2\/types\/post"}],"author":[{"embeddable":true,"href":"https:\/\/www.mryasociados.com.ar\/en\/wp-json\/wp\/v2\/users\/2"}],"replies":[{"embeddable":true,"href":"https:\/\/www.mryasociados.com.ar\/en\/wp-json\/wp\/v2\/comments?post=338"}],"version-history":[{"count":1,"href":"https:\/\/www.mryasociados.com.ar\/en\/wp-json\/wp\/v2\/posts\/338\/revisions"}],"predecessor-version":[{"id":339,"href":"https:\/\/www.mryasociados.com.ar\/en\/wp-json\/wp\/v2\/posts\/338\/revisions\/339"}],"wp:featuredmedia":[{"embeddable":true,"href":"https:\/\/www.mryasociados.com.ar\/en\/wp-json\/wp\/v2\/media\/159"}],"wp:attachment":[{"href":"https:\/\/www.mryasociados.com.ar\/en\/wp-json\/wp\/v2\/media?parent=338"}],"wp:term":[{"taxonomy":"category","embeddable":true,"href":"https:\/\/www.mryasociados.com.ar\/en\/wp-json\/wp\/v2\/categories?post=338"},{"taxonomy":"post_tag","embeddable":true,"href":"https:\/\/www.mryasociados.com.ar\/en\/wp-json\/wp\/v2\/tags?post=338"}],"curies":[{"name":"wp","href":"https:\/\/api.w.org\/{rel}","templated":true}]}}