{"id":340,"date":"2021-08-12T16:32:29","date_gmt":"2021-08-12T19:32:29","guid":{"rendered":"http:\/\/www.mryasociados.com.ar\/?p=340"},"modified":"2021-08-12T16:32:29","modified_gmt":"2021-08-12T19:32:29","slug":"newsletter-agosto-2021","status":"publish","type":"post","link":"https:\/\/www.mryasociados.com.ar\/en\/newsletter-agosto-2021\/","title":{"rendered":"Newsletter Agosto 2021"},"content":{"rendered":"<p><strong><em>Novedades Impositivas \u2013 Agosto 2021<\/em><\/strong><\/p>\n<p>&nbsp;<\/p>\n<p><strong><em>Salario M\u00ednimo, Vital y M\u00f3vil: Incremento Progresivo a Partir de Julio de 2021. Modificaci\u00f3n<\/em><\/strong><\/p>\n<p>Se modifica la resoluci\u00f3n (CNEPySMVyM) 4\/2021, quedando establecido un nuevo cronograma de incrementos:<\/p>\n<p>* Desde julio de 2021: mensualizados $ 27.216 y jornalizados $ 136,08.<\/p>\n<p>* Desde agosto de 2021: mensualizados $ 28.080 y jornalizados $ 140,40.<\/p>\n<p>* Desde setiembre de 2021: mensualizados $ 29.160 y jornalizados $ 145,80.<\/p>\n<p>&nbsp;<\/p>\n<p><strong><em>Nueva fecha de Recategorizaci\u00f3n Monotributo. Agosto 2021<\/em><\/strong><\/p>\n<p>Se establece que la recategorizaci\u00f3n de julio de 2021 podr\u00e1 efectuarse desde el 28 de julio y hasta el 17 de agosto, ambas fechas inclusive.<\/p>\n<p>Por otra parte, se prorroga hasta el 27 de agosto inclusive la obligaci\u00f3n del pago mensual correspondiente al per\u00edodo devengado de agosto de 2021.<\/p>\n<p>&nbsp;<\/p>\n<p><strong><em>Controladores fiscales: normas vigentes a la fecha. Cronograma de reemplazo de Controladores Fiscales<\/em><\/strong><\/p>\n<p>Recordamos el cronograma de recambio de controladores fiscales de vieja tecnolog\u00eda por controladores de nueva tecnolog\u00eda:<\/p>\n<p>M\u00e1s de 50 controladores \u201cviejos\u201d: 01\/05\/2021 al 30\/06\/2021<\/p>\n<p>Entre 11 y 49 controladores \u201cviejos\u201d: 01\/07\/2021 al 01\/08\/2021<\/p>\n<p>Entre 5 y 10 controladores \u201cviejos\u201d: 01\/09\/2021 al 31\/10\/2021<\/p>\n<p>3 \u00f3 4 controladores \u201cviejos\u201d: 01\/11\/2021 al 31\/12\/2021<\/p>\n<p>1 \u00f3 2 controladores \u201cviejos\u201d: 01\/01\/2022 al 28\/02\/2022<\/p>\n<p>&nbsp;<\/p>\n<p><strong><em>Decreto 3513\/2021 Jujuy; RESOLUCI\u00d3N GENERAL (DPR Jujuy)\u00a01601\/2021 <\/em><\/strong><\/p>\n<p><strong><em>Beneficios impositivos para el sector turismo en el marco de la emergencia sanitaria<\/em><\/strong><\/p>\n<p>Se declara por 180 d\u00edas la emergencia del sector tur\u00edstico, a partir del 1 de junio de 2021.<br \/>\nAl respecto, se establece que las personas humanas o jur\u00eddicas que encuadren en las categor\u00edas de micro, peque\u00f1as y medianas empresas que sean declaradas en situaci\u00f3n cr\u00edtica y realicen actividades tur\u00edsticas gozar\u00e1n de los siguientes beneficios, entre otros:<\/p>\n<p>&#8211; Exenci\u00f3n en el impuesto sobre los ingresos brutos por el t\u00e9rmino de 6 meses, pudiendo este ser prorrogable por igual per\u00edodo.<\/p>\n<p>&#8211; Mientras dure la emergencia sanitaria no se promover\u00e1n ni se sustanciar\u00e1n ejecuciones fiscales provenientes de impuestos y tasas provinciales y sus accesorios.<\/p>\n<p>&#8211; Asesoramiento y apoyo del Gobierno de la provincia para obtener en el orden nacional exenciones impositivas y cualquier otro beneficio que hubieran previsto normas nacionales.<\/p>\n<p>Se dispone que los contribuyentes del impuesto sobre los ingresos brutos, para gozar del beneficio de exenci\u00f3n del impuesto otorgado por la ley 6177 y el decreto 3513, deber\u00e1n presentar ante el organismo de aplicaci\u00f3n un pedido expreso donde indiquen el beneficio solicitado, y este informar\u00e1 a Rentas la n\u00f3mina de los beneficiarios aprobados, como as\u00ed tambi\u00e9n la caducidad de los beneficios.<\/p>\n<p>&nbsp;<\/p>\n<p><strong><em>Identificaci\u00f3n de consumidores finales en comprobantes. Montos actualizados<\/em><\/strong><\/p>\n<p>Debe identificarse al adquirente en operaciones de venta minoristas cuando el importe de la operaci\u00f3n sea igual o superior a $ 26.230; o cuando la operaci\u00f3n sea por un importe superior a $ 13.115 y no se cancele con medios electr\u00f3nicos de pago autorizados.<\/p>\n<p>Tambi\u00e9n deben identificar al consumidor final los sujetos cuya actividad principal sea &#8220;comercializaci\u00f3n mayorista&#8221;, salvo que la operaci\u00f3n se realice por un importe inferior a $ 13.115 y sea cancelada por medios electr\u00f3nicos<\/p>\n","protected":false},"excerpt":{"rendered":"<p>Novedades Impositivas \u2013 Agosto 2021 &nbsp; Salario M\u00ednimo, Vital y   &#8230;<\/p>\n","protected":false},"author":2,"featured_media":159,"comment_status":"closed","ping_status":"closed","sticky":false,"template":"","format":"standard","meta":{"_acf_changed":false,"footnotes":""},"categories":[2],"tags":[],"class_list":["post-340","post","type-post","status-publish","format-standard","has-post-thumbnail","hentry","category-newsletter"],"acf":[],"_links":{"self":[{"href":"https:\/\/www.mryasociados.com.ar\/en\/wp-json\/wp\/v2\/posts\/340","targetHints":{"allow":["GET"]}}],"collection":[{"href":"https:\/\/www.mryasociados.com.ar\/en\/wp-json\/wp\/v2\/posts"}],"about":[{"href":"https:\/\/www.mryasociados.com.ar\/en\/wp-json\/wp\/v2\/types\/post"}],"author":[{"embeddable":true,"href":"https:\/\/www.mryasociados.com.ar\/en\/wp-json\/wp\/v2\/users\/2"}],"replies":[{"embeddable":true,"href":"https:\/\/www.mryasociados.com.ar\/en\/wp-json\/wp\/v2\/comments?post=340"}],"version-history":[{"count":1,"href":"https:\/\/www.mryasociados.com.ar\/en\/wp-json\/wp\/v2\/posts\/340\/revisions"}],"predecessor-version":[{"id":341,"href":"https:\/\/www.mryasociados.com.ar\/en\/wp-json\/wp\/v2\/posts\/340\/revisions\/341"}],"wp:featuredmedia":[{"embeddable":true,"href":"https:\/\/www.mryasociados.com.ar\/en\/wp-json\/wp\/v2\/media\/159"}],"wp:attachment":[{"href":"https:\/\/www.mryasociados.com.ar\/en\/wp-json\/wp\/v2\/media?parent=340"}],"wp:term":[{"taxonomy":"category","embeddable":true,"href":"https:\/\/www.mryasociados.com.ar\/en\/wp-json\/wp\/v2\/categories?post=340"},{"taxonomy":"post_tag","embeddable":true,"href":"https:\/\/www.mryasociados.com.ar\/en\/wp-json\/wp\/v2\/tags?post=340"}],"curies":[{"name":"wp","href":"https:\/\/api.w.org\/{rel}","templated":true}]}}