{"id":342,"date":"2021-09-01T17:00:13","date_gmt":"2021-09-01T20:00:13","guid":{"rendered":"http:\/\/www.mryasociados.com.ar\/?p=342"},"modified":"2021-09-01T17:00:13","modified_gmt":"2021-09-01T20:00:13","slug":"newsletter-septiembre-2021","status":"publish","type":"post","link":"https:\/\/www.mryasociados.com.ar\/en\/newsletter-septiembre-2021\/","title":{"rendered":"Newsletter Septiembre 2021"},"content":{"rendered":"<p><strong><em>Novedades Impositivas \u2013 Septiembre 2021<\/em><\/strong><\/p>\n<p><strong><em>Empleados de comercio. Gratificaci\u00f3n extraordinaria e incrementos salariales<\/em><\/strong><\/p>\n<p>Se establece el pago de una gratificaci\u00f3n extraordinaria no remunerativa de $ 4.000, que se abonar\u00e1 durante la segunda quincena del mes de agosto de 2021.<\/p>\n<p>Asimismo, se conviene un incremento salarial no remunerativo a partir de noviembre de 2021, el cual se incorporar\u00e1 a los salarios b\u00e1sicos a partir de las remuneraciones de enero de 2022.<\/p>\n<p><strong><em>Controladores fiscales de &#8220;vieja tecnolog\u00eda&#8221;. Cronograma de recambio por equipos de &#8220;nueva tecnolog\u00eda&#8221;<\/em><\/strong><\/p>\n<p>Recordamos que, hasta el 31\/10\/2021, aquellos contribuyentes que tuvieran habilitados entre 5 (cinco) y 10 (diez) equipos de \u201cvieja tecnolog\u00eda\u201d deber\u00e1n reemplazarlos por equipos de \u201cnueva tecnolog\u00eda\u201d \u201d. -Seg\u00fan <a href=\"http:\/\/click.erreparmail.com\/access.epl?shopperID=930384&amp;actionCode=59609&amp;enterCode=9\" target=\"_blank\" rel=\"noopener\">RG (AFIP) 4955<\/a> (BO: 31\/3\/2021)<\/p>\n<p>Se\u00f1alamos que aquellos sujetos que realicen determinadas actividades relacionadas con el alojamiento de personas, hospedajes y\/o hoster\u00edas, tienen un plazo adicional para cumplir con la citada obligaci\u00f3n.- Seg\u00fan <a href=\"http:\/\/click.erreparmail.com\/access.epl?shopperID=930384&amp;actionCode=59609&amp;enterCode=10\" target=\"_blank\" rel=\"noopener\">RG (AFIP) 5027<\/a> (BO: 8\/7\/2021)<\/p>\n<p><strong><em>Procedimiento Fiscal. Se extiende la suspensi\u00f3n de la iniciaci\u00f3n de determinados juicios de ejecuci\u00f3n fiscal y traba de medidas cautelares <\/em><\/strong><\/p>\n<p>Se prorroga hasta el 30\/11\/2021 la suspensi\u00f3n de iniciaci\u00f3n de juicios de ejecuci\u00f3n fiscal y la traba de medidas cautelares para las micro y peque\u00f1as empresas, y los sujetos que desarrollen actividades econ\u00f3micas consignadas como sectores cr\u00edticos.<\/p>\n<p>Asimismo, se suspende hasta la misma fecha la traba de embargos en entidades financieras o sobre cuentas a cobrar, y la intervenci\u00f3n judicial de caja para el resto de los contribuyentes.<br \/>\nSe\u00f1alamos que las presentes suspensiones no aplican para los montos reclamados en concepto del aporte solidario y extraordinario, as\u00ed como del impuesto sobre los bienes personales.<\/p>\n<p><strong><em>Acceso a cr\u00e9ditos a tasa cero. Monotributistas. Res. 503\/2021 Min Desarrollo Productivo<\/em><\/strong><\/p>\n<p>Se aprueba la reglamentaci\u00f3n para el acceso a los \u201cCr\u00e9ditos a tasa cero 2021\u201d.<br \/>\nLos citados cr\u00e9ditos podr\u00e1n ser tramitados hasta 31\/12\/2021 ante la AFIP.<br \/>\nPara determinar el universo de beneficiarios ser\u00e1 considerada la categor\u00eda del solicitante vigente al d\u00eda 30\/6\/2021, y los topes de facturaci\u00f3n por categor\u00eda vigentes a la misma fecha.<\/p>\n<p>No podr\u00e1n usufructuar dichos cr\u00e9ditos los sujetos que al 30\/6\/2021 se encontraren con situaci\u00f3n crediticia 3, 4, 5 o 6, ni aquellos que durante el primer semestre del a\u00f1o 2021 hayan emitido al menos el 70 % de su facturaci\u00f3n al sector p\u00fablico nacional, provincial o municipal.<\/p>\n<p><strong><em>R\u00e9gimen de facilidades de pago permanente. Se prorroga la vigencia transitoria para acceder a mayores beneficios en los planes<\/em><\/strong><\/p>\n<p><strong><em>\u00a0<\/em><\/strong>Se prorroga al 30\/11\/2021 la vigencia transitoria del r\u00e9gimen de facilidades de pago permanente en que prev\u00e9 mayores beneficios correspondientes a la cantidad de planes de facilidades de pago admisibles, la cantidad de cuotas y la tasa de inter\u00e9s de financiamiento aplicable y hasta dicha fecha se extiende a 36 la cantidad de cuotas que pueden solicitarse por deudas provenientes de ajustes de fiscalizaci\u00f3n.<\/p>\n<p>Asimismo para los sujetos que desarrollen actividades afectadas en forma cr\u00edtica, no ser\u00e1 tenido en cuenta el tope al monto m\u00e1ximo de las cuotas que tiene relaci\u00f3n con el promedio de ingresos del contribuyente de los \u00faltimos 12 meses.<\/p>\n<p><strong><em>Pr\u00f3rroga de suspensi\u00f3n de exclusi\u00f3n de oficio y baja por falta de pago. Monotributistas<\/em><\/strong><\/p>\n<p>Se extiende al 1 de diciembre de 2021 la suspensi\u00f3n de las bajas de oficio, no realizando hasta dicha fecha los controles sist\u00e9micos que se aplican habitualmente a tal fin.<br \/>\nAsimismo, se suspenden transitoriamente las bajas por falta de pago, no comput\u00e1ndose los meses de agosto a noviembre de 2021 como meses a contabilizar para la aplicaci\u00f3n de las bajas autom\u00e1ticas del r\u00e9gimen<\/p>\n","protected":false},"excerpt":{"rendered":"<p>Novedades Impositivas \u2013 Septiembre 2021 Empleados de comercio. Gratificaci\u00f3n extraordinaria   &#8230;<\/p>\n","protected":false},"author":2,"featured_media":159,"comment_status":"closed","ping_status":"closed","sticky":false,"template":"","format":"standard","meta":{"_acf_changed":false,"footnotes":""},"categories":[2],"tags":[],"class_list":["post-342","post","type-post","status-publish","format-standard","has-post-thumbnail","hentry","category-newsletter"],"acf":[],"_links":{"self":[{"href":"https:\/\/www.mryasociados.com.ar\/en\/wp-json\/wp\/v2\/posts\/342","targetHints":{"allow":["GET"]}}],"collection":[{"href":"https:\/\/www.mryasociados.com.ar\/en\/wp-json\/wp\/v2\/posts"}],"about":[{"href":"https:\/\/www.mryasociados.com.ar\/en\/wp-json\/wp\/v2\/types\/post"}],"author":[{"embeddable":true,"href":"https:\/\/www.mryasociados.com.ar\/en\/wp-json\/wp\/v2\/users\/2"}],"replies":[{"embeddable":true,"href":"https:\/\/www.mryasociados.com.ar\/en\/wp-json\/wp\/v2\/comments?post=342"}],"version-history":[{"count":2,"href":"https:\/\/www.mryasociados.com.ar\/en\/wp-json\/wp\/v2\/posts\/342\/revisions"}],"predecessor-version":[{"id":344,"href":"https:\/\/www.mryasociados.com.ar\/en\/wp-json\/wp\/v2\/posts\/342\/revisions\/344"}],"wp:featuredmedia":[{"embeddable":true,"href":"https:\/\/www.mryasociados.com.ar\/en\/wp-json\/wp\/v2\/media\/159"}],"wp:attachment":[{"href":"https:\/\/www.mryasociados.com.ar\/en\/wp-json\/wp\/v2\/media?parent=342"}],"wp:term":[{"taxonomy":"category","embeddable":true,"href":"https:\/\/www.mryasociados.com.ar\/en\/wp-json\/wp\/v2\/categories?post=342"},{"taxonomy":"post_tag","embeddable":true,"href":"https:\/\/www.mryasociados.com.ar\/en\/wp-json\/wp\/v2\/tags?post=342"}],"curies":[{"name":"wp","href":"https:\/\/api.w.org\/{rel}","templated":true}]}}