{"id":360,"date":"2021-12-31T12:16:21","date_gmt":"2021-12-31T15:16:21","guid":{"rendered":"http:\/\/www.mryasociados.com.ar\/?p=360"},"modified":"2021-12-31T12:16:21","modified_gmt":"2021-12-31T15:16:21","slug":"actualizaciones-monotributo-bienes-personales-doble-indemnizacion","status":"publish","type":"post","link":"https:\/\/www.mryasociados.com.ar\/en\/actualizaciones-monotributo-bienes-personales-doble-indemnizacion\/","title":{"rendered":"ACTUALIZACIONES: Monotributo, Bienes Personales, Doble Indemnizaci\u00f3n"},"content":{"rendered":"<p><span style=\"color: #000080;\"><em><strong>Monotributo: Nuevas escalas a partir de enero 2.022<\/strong><\/em><\/span><\/p>\n<p>AFIP oficializ\u00f3 cu\u00e1nto aumentan las cuotas, las escalas y topes de facturaci\u00f3n para el Monotributo a<br \/>\npartir de enero 2022<\/p>\n<img loading=\"lazy\" decoding=\"async\" class=\"alignnone wp-image-368\" src=\"http:\/\/www.mryasociados.com.ar\/wp-content\/uploads\/2021\/12\/novedades-monotributo-enero-22-300x225.png\" alt=\"\" width=\"599\" height=\"449\" srcset=\"https:\/\/www.mryasociados.com.ar\/wp-content\/uploads\/2021\/12\/novedades-monotributo-enero-22-300x225.png 300w, https:\/\/www.mryasociados.com.ar\/wp-content\/uploads\/2021\/12\/novedades-monotributo-enero-22-768x576.png 768w, https:\/\/www.mryasociados.com.ar\/wp-content\/uploads\/2021\/12\/novedades-monotributo-enero-22.png 960w\" sizes=\"auto, (max-width: 599px) 100vw, 599px\" \/>\n<p><span style=\"color: #000080;\"><strong><em>Bienes Personales: Su reforma.<\/em><\/strong><\/span><\/p>\n<p>Se convirti\u00f3 en ley la reforma del impuesto a los bienes personales. A continuaci\u00f3n, las principales modificaciones:<\/p>\n<ul>\n<li>El m\u00ednimo no imponible a partir del cual se paga el impuesto pasa de <strong>$2 millones a $6 millones.<\/strong><\/li>\n<li>La propiedad en la que vive el contribuyente, <strong>el tope para quedar exceptuada pasa de los $18 millones actuales a $30 millones.<\/strong><\/li>\n<li>Quienes tienen un patrimonio <strong>por encima del m\u00ednimo no imponible de entre 0 y $3 millones pagar\u00e1n una al\u00edcuota del 0,5%<\/strong>. Quienes tengan un excedente de entre <strong>$3 millones y $6,5 millones el 0,75%<\/strong>; <strong>de $6,5 y $18 millones, el impuesto es de 1%.<\/strong> <strong>Y con un extra de entre $18 y $100 millones se paga el 1,25 por ciento.<\/strong><\/li>\n<li>Para los patrimonios de <strong>m\u00e1s de $100 millones, pagar\u00e1n 1,5%<\/strong> en vez de 1,25% y para aquellos que <strong>superen los 300 millones la al\u00edcuota aumenta a 1,75%.<\/strong><\/li>\n<li>Para los <strong>bienes en el exterior se estableci\u00f3 una al\u00edcuota m\u00e1xima de 2,25%<\/strong><\/li>\n<\/ul>\n<p>Es importante destacar que los montos de los m\u00ednimos no imponibles y tope de casa habitaci\u00f3n y valores de las escalas de bienes para aplicaci\u00f3n de cada al\u00edcuota se actualizaran anualmente por el coeficiente del IPC.<\/p>\n<p>Las presentes modificaciones son aplicables para el periodo fiscal 2021 y siguientes.<\/p>\n<p>&nbsp;<\/p>\n<p><span style=\"color: #000080;\"><strong><em>Eliminaci\u00f3n progresiva de la Doble Indemnizaci\u00f3n y no prorroga de la prohibici\u00f3n de despedir.<\/em><\/strong><\/span><\/p>\n<p>Se ampl\u00eda, hasta el 30 de junio de 2022, la emergencia p\u00fablica en materia ocupacional<\/p>\n<p>Se establece la reducci\u00f3n progresiva de la duplicaci\u00f3n de indemnizaciones por despido.:<\/p>\n<ul>\n<li>A partir de enero de 2.022, el trabajador despedido sin causa tendr\u00e1 derecho a percibir un incremento del 75% de las indemnizaciones por despido.<\/li>\n<li>De marzo a abril de 2.022 ser\u00e1 del 50%<\/li>\n<li>De mayo a junio de 2.022 del 25%.<\/li>\n<\/ul>\n<p>Se mantiene el tope de $500.000 para el incremento, como as\u00ed tambi\u00e9n se mantiene el universo de empleados alcanzados (aquellos contratados antes del 13 de diciembre de 2019).<\/p>\n<p>Por otro lado, cabe destacar que hasta el momento no se prorroga la prohibici\u00f3n de realizar despidos sin justa causa. Con lo cual, salvo nueva normativa sobreviniente, a partir del 1 de enero de 2.022, cesar\u00e1 la mencionada prohibici\u00f3n.<\/p>\n<p>&nbsp;<\/p>\n<p>&nbsp;<\/p>\n<p>&nbsp;<\/p>\n<p>&nbsp;<\/p>\n<p>&nbsp;<\/p>\n","protected":false},"excerpt":{"rendered":"<p><span style=\"color: #000080;\">Monotributo: Nuevas escalas a partir de enero 2.022<\/span>   &#8230;<\/p>\n","protected":false},"author":2,"featured_media":371,"comment_status":"closed","ping_status":"closed","sticky":false,"template":"","format":"standard","meta":{"_acf_changed":false,"footnotes":""},"categories":[1],"tags":[],"class_list":["post-360","post","type-post","status-publish","format-standard","has-post-thumbnail","hentry","category-noticias-interes"],"acf":[],"_links":{"self":[{"href":"https:\/\/www.mryasociados.com.ar\/en\/wp-json\/wp\/v2\/posts\/360","targetHints":{"allow":["GET"]}}],"collection":[{"href":"https:\/\/www.mryasociados.com.ar\/en\/wp-json\/wp\/v2\/posts"}],"about":[{"href":"https:\/\/www.mryasociados.com.ar\/en\/wp-json\/wp\/v2\/types\/post"}],"author":[{"embeddable":true,"href":"https:\/\/www.mryasociados.com.ar\/en\/wp-json\/wp\/v2\/users\/2"}],"replies":[{"embeddable":true,"href":"https:\/\/www.mryasociados.com.ar\/en\/wp-json\/wp\/v2\/comments?post=360"}],"version-history":[{"count":5,"href":"https:\/\/www.mryasociados.com.ar\/en\/wp-json\/wp\/v2\/posts\/360\/revisions"}],"predecessor-version":[{"id":370,"href":"https:\/\/www.mryasociados.com.ar\/en\/wp-json\/wp\/v2\/posts\/360\/revisions\/370"}],"wp:featuredmedia":[{"embeddable":true,"href":"https:\/\/www.mryasociados.com.ar\/en\/wp-json\/wp\/v2\/media\/371"}],"wp:attachment":[{"href":"https:\/\/www.mryasociados.com.ar\/en\/wp-json\/wp\/v2\/media?parent=360"}],"wp:term":[{"taxonomy":"category","embeddable":true,"href":"https:\/\/www.mryasociados.com.ar\/en\/wp-json\/wp\/v2\/categories?post=360"},{"taxonomy":"post_tag","embeddable":true,"href":"https:\/\/www.mryasociados.com.ar\/en\/wp-json\/wp\/v2\/tags?post=360"}],"curies":[{"name":"wp","href":"https:\/\/api.w.org\/{rel}","templated":true}]}}