{"id":89,"date":"2018-07-12T10:36:09","date_gmt":"2018-07-12T13:36:09","guid":{"rendered":"http:\/\/www.mryasociados.com.ar\/?p=89"},"modified":"2026-09-03T16:08:28","modified_gmt":"2026-09-03T19:08:28","slug":"rrhh-la-tecnologia-no-reemplaza-a-las-personas","status":"publish","type":"post","link":"https:\/\/www.mryasociados.com.ar\/en\/rrhh-la-tecnologia-no-reemplaza-a-las-personas\/","title":{"rendered":"RRHH &#8220;La tecnolog\u00eda no reemplaza a las personas&#8221;"},"content":{"rendered":"<p style=\"text-align: left;\">Design thinking, big data y analytics son algunas de las soluciones tecnol\u00f3gicas m\u00e1s<br \/>\ninnovadoras para mejorar los procesos. Sin embargo, los especialistas de Recursos Humanos<br \/>\nsiguen poniendo el foco en los colaboradores, por lo que <em><strong>las capacidades interpersonales son<\/strong><\/em><br \/>\n<em><strong>las m\u00e1s relevantes para el mercado, y todav\u00eda no pueden reemplazarse por m\u00e1quinas.<\/strong><\/em><\/p>\n<p style=\"text-align: left;\">En esto coincidieron durante el 10\u00b4 Foro de Recursos Humanos, organizado por Revista<br \/>\nApertura y El Cronista, Ricardo Wachowicz, presidente de Bayton Grupo Empresario; Alejandro<br \/>\nMelamed, director General de Humanize Consulting; Ruben Figueiredo, director Acad\u00e9mico del<br \/>\nPrograma de Alta Direcci\u00f3n de IAE y Fernando Rivera, gerente de Servicios de RR.HH. de<br \/>\nGesti\u00f3n Compartida, Mientras Wachowicz sostuvo que la transformaci\u00f3n tecnol\u00f3gica y<br \/>\nproductiva permitir\u00e1 que el ser humano sea m\u00e1s productivo y lograr\u00e1 innovar al ser el centro del<br \/>\nescenario, Figueiredo expres\u00f3 que las empresas no deben desatender a las cuestiones propias<br \/>\ndel ser humano.<\/p>\n<p style=\"text-align: left;\">Rivera profundiz\u00f3 en el debate de la rob\u00f3tica como un peligro para el rol de recursos humanos y<br \/>\nexplic\u00f3 que <em><strong>siempre que deban gestionar v\u00ednculos ser\u00e1 necesaria la inteligencia emocional, una<\/strong><\/em><br \/>\n<em><strong>capacidad inherente de un buen l\u00edder. &#8220;Hay que empezar por nosotros. Hay que hacer<\/strong><\/em><br \/>\n<em><strong>transformacionales en la propia persona antes de hacerlo en el negocio&#8221;,<\/strong><\/em> concluy\u00f3 Melamed.<\/p>\n<p>&nbsp;<\/p>\n<p><a href=\"https:\/\/www.cronista.com\/negocios\/Para-especialistas-de-RRHH-la-tecnologia-no-reemplaza-a-las-personas-20180629-0010.html\" target=\"_blank\" rel=\"noopener\">https:\/\/www.cronista.com\/negocios\/Para-especialistas-de-RRHH-la-tecnologia-no-reemplaza-a-las-personas-20180629-0010.html<\/a><\/p>\n<p>&nbsp;<\/p>\n","protected":false},"excerpt":{"rendered":"<p>Design thinking, big data y analytics son algunas de las   &#8230;<\/p>\n","protected":false},"author":2,"featured_media":90,"comment_status":"closed","ping_status":"closed","sticky":false,"template":"","format":"standard","meta":{"_acf_changed":false,"footnotes":""},"categories":[1],"tags":[],"class_list":["post-89","post","type-post","status-publish","format-standard","has-post-thumbnail","hentry","category-noticias-interes"],"acf":[],"_links":{"self":[{"href":"https:\/\/www.mryasociados.com.ar\/en\/wp-json\/wp\/v2\/posts\/89","targetHints":{"allow":["GET"]}}],"collection":[{"href":"https:\/\/www.mryasociados.com.ar\/en\/wp-json\/wp\/v2\/posts"}],"about":[{"href":"https:\/\/www.mryasociados.com.ar\/en\/wp-json\/wp\/v2\/types\/post"}],"author":[{"embeddable":true,"href":"https:\/\/www.mryasociados.com.ar\/en\/wp-json\/wp\/v2\/users\/2"}],"replies":[{"embeddable":true,"href":"https:\/\/www.mryasociados.com.ar\/en\/wp-json\/wp\/v2\/comments?post=89"}],"version-history":[{"count":2,"href":"https:\/\/www.mryasociados.com.ar\/en\/wp-json\/wp\/v2\/posts\/89\/revisions"}],"predecessor-version":[{"id":92,"href":"https:\/\/www.mryasociados.com.ar\/en\/wp-json\/wp\/v2\/posts\/89\/revisions\/92"}],"wp:featuredmedia":[{"embeddable":true,"href":"https:\/\/www.mryasociados.com.ar\/en\/wp-json\/wp\/v2\/media\/90"}],"wp:attachment":[{"href":"https:\/\/www.mryasociados.com.ar\/en\/wp-json\/wp\/v2\/media?parent=89"}],"wp:term":[{"taxonomy":"category","embeddable":true,"href":"https:\/\/www.mryasociados.com.ar\/en\/wp-json\/wp\/v2\/categories?post=89"},{"taxonomy":"post_tag","embeddable":true,"href":"https:\/\/www.mryasociados.com.ar\/en\/wp-json\/wp\/v2\/tags?post=89"}],"curies":[{"name":"wp","href":"https:\/\/api.w.org\/{rel}","templated":true}]}}